{"id":36541,"date":"2026-04-12T23:54:14","date_gmt":"2026-04-12T21:54:14","guid":{"rendered":"https:\/\/swisssabers.ch\/custom-saber-zusammenbauen\/"},"modified":"2026-04-29T11:43:21","modified_gmt":"2026-04-29T09:43:21","slug":"custom-saber-zusammenbauen","status":"publish","type":"post","link":"https:\/\/swisssabers.ch\/fr\/custom-saber-zusammenbauen\/","title":{"rendered":"Custom Saber Assembler"},"content":{"rendered":"\t\t<div data-elementor-type=\"wp-post\" data-elementor-id=\"36541\" class=\"elementor elementor-36541 elementor-35777\" data-elementor-post-type=\"post\">\n\t\t\t\t<div class=\"elementor-element elementor-element-3c91c1b e-flex e-con-boxed e-con e-parent\" data-id=\"3c91c1b\" data-element_type=\"container\" data-e-type=\"container\">\n\t\t\t\t\t<div class=\"e-con-inner\">\n\t\t\t\t<div class=\"elementor-element elementor-element-81e772f elementor-widget elementor-widget-text-editor\" data-id=\"81e772f\" data-element_type=\"widget\" data-e-type=\"widget\" data-widget_type=\"text-editor.default\">\n\t\t\t\t<div class=\"elementor-widget-container\">\n\t\t\t\t\t\t\t\t\t<p data-path-to-node=\"1\">Assembler un sabre laser personnalis\u00e9 est plus facile que pr\u00e9vu gr\u00e2ce aux composants modulaires. Tu trouveras ici nos instructions pour ton projet. <\/p><h3 data-path-to-node=\"3\">Le syst\u00e8me VHC (Variable Hilt Components)<\/h3><p data-path-to-node=\"4\">Tous nos sabres VHC utilisent un filetage standardis\u00e9. Cela signifie que <b data-path-to-node=\"4\" data-index-in-node=\"74\">tous les composants sont interchangeables entre eux.<\/b> Tu peux combiner et associer des parties de diff\u00e9rents mod\u00e8les pour cr\u00e9er une pi\u00e8ce unique. <\/p><h3 data-path-to-node=\"5\">La structure de la poign\u00e9e<\/h3><p data-path-to-node=\"6\">Une poign\u00e9e de sabre laser se compose g\u00e9n\u00e9ralement de quatre segments vissables :<\/p><ol start=\"1\" data-path-to-node=\"7\"><li><p data-path-to-node=\"7,0,0\"><b data-path-to-node=\"7,0,0\" data-index-in-node=\"0\">Emetteur :<\/b> c&#8217;est ici que se fixe la lame<\/p><\/li><li><p data-path-to-node=\"7,1,0\"><b data-path-to-node=\"7,1,0\" data-index-in-node=\"0\">Partie centrale (Switch Area) :<\/b> bo\u00eetier pour le bouton d&#8217;activation<\/p><\/li><li><p data-path-to-node=\"7,2,0\"><b data-path-to-node=\"7,2,0\" data-index-in-node=\"0\">Poign\u00e9e :<\/b> La surface principale de la poign\u00e9e<\/p><\/li><li><p data-path-to-node=\"7,3,0\"><b data-path-to-node=\"7,3,0\" data-index-in-node=\"0\">Pommel :<\/b> le pommeau \/ partie inf\u00e9rieure<\/p><\/li><\/ol><h3>Accessoires :<\/h3><p>Nous te fournissons \u00e9galement les accessoires suivants (en fonction du mod\u00e8le) :<\/p>\t\t\t\t\t\t\t\t<\/div>\n\t\t\t\t<\/div>\n\t\t\t\t<div class=\"elementor-element elementor-element-d858eba rgb-oder-pixel elementor-widget__width-initial elementor-widget-mobile__width-initial elementor-widget elementor-widget-toggle\" data-id=\"d858eba\" data-element_type=\"widget\" data-e-type=\"widget\" data-widget_type=\"toggle.default\">\n\t\t\t\t<div class=\"elementor-widget-container\">\n\t\t\t\t\t\t\t<div class=\"elementor-toggle\">\n\t\t\t\t\t\t\t<div class=\"elementor-toggle-item\">\n\t\t\t\t\t<div id=\"elementor-tab-title-2261\" class=\"elementor-tab-title\" data-tab=\"1\" role=\"button\" aria-controls=\"elementor-tab-content-2261\" aria-expanded=\"false\">\n\t\t\t\t\t\t\t\t\t\t\t\t<span class=\"elementor-toggle-icon elementor-toggle-icon-right\" aria-hidden=\"true\">\n\t\t\t\t\t\t\t\t\t\t\t\t\t\t\t<span class=\"elementor-toggle-icon-closed\"><i class=\"fas fa-caret-right\"><\/i><\/span>\n\t\t\t\t\t\t\t\t<span class=\"elementor-toggle-icon-opened\"><i class=\"elementor-toggle-icon-opened fas fa-caret-up\"><\/i><\/span>\n\t\t\t\t\t\t\t\t\t\t\t\t\t<\/span>\n\t\t\t\t\t\t\t\t\t\t\t\t<a class=\"elementor-toggle-title\" tabindex=\"0\">Core<\/a>\n\t\t\t\t\t<\/div>\n\n\t\t\t\t\t<div id=\"elementor-tab-content-2261\" class=\"elementor-tab-content elementor-clearfix\" data-tab=\"1\" role=\"region\" aria-labelledby=\"elementor-tab-title-2261\"><p><img fetchpriority=\"high\" decoding=\"async\" class=\"alignnone size-medium wp-image-22059\" src=\"https:\/\/swisssabers.ch\/wp-content\/smush-webp\/2025\/03\/Core-Schwarz-9-300x300.jpg.webp\" alt=\"\" width=\"300\" height=\"300\" srcset=\"https:\/\/swisssabers.ch\/wp-content\/smush-webp\/2025\/03\/Core-Schwarz-9-300x300.jpg.webp 300w, https:\/\/swisssabers.ch\/wp-content\/smush-webp\/2025\/03\/Core-Schwarz-9-150x150.jpg.webp 150w, https:\/\/swisssabers.ch\/wp-content\/smush-webp\/2025\/03\/Core-Schwarz-9-1200x1200.jpg.webp 1200w, https:\/\/swisssabers.ch\/wp-content\/smush-webp\/2025\/03\/Core-Schwarz-9-1024x1024.jpg.webp 1024w, https:\/\/swisssabers.ch\/wp-content\/smush-webp\/2025\/03\/Core-Schwarz-9-768x768.jpg.webp 768w, https:\/\/swisssabers.ch\/wp-content\/smush-webp\/2025\/03\/Core-Schwarz-9-1536x1536.jpg.webp 1536w, https:\/\/swisssabers.ch\/wp-content\/smush-webp\/2025\/03\/Core-Schwarz-9-1320x1320.jpg.webp 1320w, https:\/\/swisssabers.ch\/wp-content\/smush-webp\/2025\/03\/Core-Schwarz-9-50x50.jpg.webp 50w, https:\/\/swisssabers.ch\/wp-content\/smush-webp\/2025\/03\/Core-Schwarz-9-100x100.jpg.webp 100w, https:\/\/swisssabers.ch\/wp-content\/smush-webp\/2025\/03\/Core-Schwarz-9.jpg.webp 1600w\" sizes=\"(max-width: 300px) 100vw, 300px\" \/><\/p>\n<\/div>\n\t\t\t\t<\/div>\n\t\t\t\t\t\t\t<div class=\"elementor-toggle-item\">\n\t\t\t\t\t<div id=\"elementor-tab-title-2262\" class=\"elementor-tab-title\" data-tab=\"2\" role=\"button\" aria-controls=\"elementor-tab-content-2262\" aria-expanded=\"false\">\n\t\t\t\t\t\t\t\t\t\t\t\t<span class=\"elementor-toggle-icon elementor-toggle-icon-right\" aria-hidden=\"true\">\n\t\t\t\t\t\t\t\t\t\t\t\t\t\t\t<span class=\"elementor-toggle-icon-closed\"><i class=\"fas fa-caret-right\"><\/i><\/span>\n\t\t\t\t\t\t\t\t<span class=\"elementor-toggle-icon-opened\"><i class=\"elementor-toggle-icon-opened fas fa-caret-up\"><\/i><\/span>\n\t\t\t\t\t\t\t\t\t\t\t\t\t<\/span>\n\t\t\t\t\t\t\t\t\t\t\t\t<a class=\"elementor-toggle-title\" tabindex=\"0\">Batterie Li-Ion<\/a>\n\t\t\t\t\t<\/div>\n\n\t\t\t\t\t<div id=\"elementor-tab-content-2262\" class=\"elementor-tab-content elementor-clearfix\" data-tab=\"2\" role=\"region\" aria-labelledby=\"elementor-tab-title-2262\"><p><img decoding=\"async\" class=\"alignnone size-medium wp-image-22071\" src=\"https:\/\/swisssabers.ch\/wp-content\/smush-webp\/2025\/03\/Li-Ion-Akku-5-300x300.jpg.webp\" alt=\"\" width=\"300\" height=\"300\" srcset=\"https:\/\/swisssabers.ch\/wp-content\/smush-webp\/2025\/03\/Li-Ion-Akku-5-300x300.jpg.webp 300w, https:\/\/swisssabers.ch\/wp-content\/smush-webp\/2025\/03\/Li-Ion-Akku-5-150x150.jpg.webp 150w, https:\/\/swisssabers.ch\/wp-content\/smush-webp\/2025\/03\/Li-Ion-Akku-5-1200x1200.jpg.webp 1200w, https:\/\/swisssabers.ch\/wp-content\/smush-webp\/2025\/03\/Li-Ion-Akku-5-1024x1024.jpg.webp 1024w, https:\/\/swisssabers.ch\/wp-content\/smush-webp\/2025\/03\/Li-Ion-Akku-5-768x768.jpg.webp 768w, https:\/\/swisssabers.ch\/wp-content\/smush-webp\/2025\/03\/Li-Ion-Akku-5-1536x1536.jpg.webp 1536w, https:\/\/swisssabers.ch\/wp-content\/smush-webp\/2025\/03\/Li-Ion-Akku-5-1320x1320.jpg.webp 1320w, https:\/\/swisssabers.ch\/wp-content\/smush-webp\/2025\/03\/Li-Ion-Akku-5-50x50.jpg.webp 50w, https:\/\/swisssabers.ch\/wp-content\/smush-webp\/2025\/03\/Li-Ion-Akku-5-100x100.jpg.webp 100w, https:\/\/swisssabers.ch\/wp-content\/smush-webp\/2025\/03\/Li-Ion-Akku-5.jpg.webp 1600w\" sizes=\"(max-width: 300px) 100vw, 300px\" \/><\/p>\n<\/div>\n\t\t\t\t<\/div>\n\t\t\t\t\t\t\t<div class=\"elementor-toggle-item\">\n\t\t\t\t\t<div id=\"elementor-tab-title-2263\" class=\"elementor-tab-title\" data-tab=\"3\" role=\"button\" aria-controls=\"elementor-tab-content-2263\" aria-expanded=\"false\">\n\t\t\t\t\t\t\t\t\t\t\t\t<span class=\"elementor-toggle-icon elementor-toggle-icon-right\" aria-hidden=\"true\">\n\t\t\t\t\t\t\t\t\t\t\t\t\t\t\t<span class=\"elementor-toggle-icon-closed\"><i class=\"fas fa-caret-right\"><\/i><\/span>\n\t\t\t\t\t\t\t\t<span class=\"elementor-toggle-icon-opened\"><i class=\"elementor-toggle-icon-opened fas fa-caret-up\"><\/i><\/span>\n\t\t\t\t\t\t\t\t\t\t\t\t\t<\/span>\n\t\t\t\t\t\t\t\t\t\t\t\t<a class=\"elementor-toggle-title\" tabindex=\"0\">Vis pour la lame et la fixation du core<\/a>\n\t\t\t\t\t<\/div>\n\n\t\t\t\t\t<div id=\"elementor-tab-content-2263\" class=\"elementor-tab-content elementor-clearfix\" data-tab=\"3\" role=\"region\" aria-labelledby=\"elementor-tab-title-2263\"><p><img decoding=\"async\" class=\"alignnone size-medium wp-image-36535\" src=\"https:\/\/swisssabers.ch\/wp-content\/smush-webp\/2026\/04\/Core-Schrauben-300x300.jpg.webp\" alt=\"\" width=\"300\" height=\"300\" srcset=\"https:\/\/swisssabers.ch\/wp-content\/smush-webp\/2026\/04\/Core-Schrauben-300x300.jpg.webp 300w, https:\/\/swisssabers.ch\/wp-content\/smush-webp\/2026\/04\/Core-Schrauben-1024x1024.jpg.webp 1024w, https:\/\/swisssabers.ch\/wp-content\/smush-webp\/2026\/04\/Core-Schrauben-150x150.jpg.webp 150w, https:\/\/swisssabers.ch\/wp-content\/smush-webp\/2026\/04\/Core-Schrauben-768x768.jpg.webp 768w, https:\/\/swisssabers.ch\/wp-content\/smush-webp\/2026\/04\/Core-Schrauben-990x990.jpg.webp 990w, https:\/\/swisssabers.ch\/wp-content\/smush-webp\/2026\/04\/Core-Schrauben-441x441.jpg.webp 441w, https:\/\/swisssabers.ch\/wp-content\/smush-webp\/2026\/04\/Core-Schrauben-50x50.jpg.webp 50w, https:\/\/swisssabers.ch\/wp-content\/smush-webp\/2026\/04\/Core-Schrauben-100x100.jpg.webp 100w, https:\/\/swisssabers.ch\/wp-content\/smush-webp\/2026\/04\/Core-Schrauben.jpg.webp 1125w\" sizes=\"(max-width: 300px) 100vw, 300px\" \/><img loading=\"lazy\" decoding=\"async\" class=\"alignnone size-medium wp-image-36534\" src=\"https:\/\/swisssabers.ch\/wp-content\/smush-webp\/2026\/04\/Klingenschraube-300x300.jpg.webp\" alt=\"\" width=\"300\" height=\"300\" srcset=\"https:\/\/swisssabers.ch\/wp-content\/smush-webp\/2026\/04\/Klingenschraube-300x300.jpg.webp 300w, https:\/\/swisssabers.ch\/wp-content\/smush-webp\/2026\/04\/Klingenschraube-1024x1024.jpg.webp 1024w, https:\/\/swisssabers.ch\/wp-content\/smush-webp\/2026\/04\/Klingenschraube-150x150.jpg.webp 150w, https:\/\/swisssabers.ch\/wp-content\/smush-webp\/2026\/04\/Klingenschraube-768x768.jpg.webp 768w, https:\/\/swisssabers.ch\/wp-content\/smush-webp\/2026\/04\/Klingenschraube-990x990.jpg.webp 990w, https:\/\/swisssabers.ch\/wp-content\/smush-webp\/2026\/04\/Klingenschraube-441x441.jpg.webp 441w, https:\/\/swisssabers.ch\/wp-content\/smush-webp\/2026\/04\/Klingenschraube-50x50.jpg.webp 50w, https:\/\/swisssabers.ch\/wp-content\/smush-webp\/2026\/04\/Klingenschraube-100x100.jpg.webp 100w, https:\/\/swisssabers.ch\/wp-content\/smush-webp\/2026\/04\/Klingenschraube.jpg.webp 1125w\" sizes=\"(max-width: 300px) 100vw, 300px\" \/><\/p>\n<\/div>\n\t\t\t\t<\/div>\n\t\t\t\t\t\t\t<div class=\"elementor-toggle-item\">\n\t\t\t\t\t<div id=\"elementor-tab-title-2264\" class=\"elementor-tab-title\" data-tab=\"4\" role=\"button\" aria-controls=\"elementor-tab-content-2264\" aria-expanded=\"false\">\n\t\t\t\t\t\t\t\t\t\t\t\t<span class=\"elementor-toggle-icon elementor-toggle-icon-right\" aria-hidden=\"true\">\n\t\t\t\t\t\t\t\t\t\t\t\t\t\t\t<span class=\"elementor-toggle-icon-closed\"><i class=\"fas fa-caret-right\"><\/i><\/span>\n\t\t\t\t\t\t\t\t<span class=\"elementor-toggle-icon-opened\"><i class=\"elementor-toggle-icon-opened fas fa-caret-up\"><\/i><\/span>\n\t\t\t\t\t\t\t\t\t\t\t\t\t<\/span>\n\t\t\t\t\t\t\t\t\t\t\t\t<a class=\"elementor-toggle-title\" tabindex=\"0\">C\u00e2ble de chargement + prise<\/a>\n\t\t\t\t\t<\/div>\n\n\t\t\t\t\t<div id=\"elementor-tab-content-2264\" class=\"elementor-tab-content elementor-clearfix\" data-tab=\"4\" role=\"region\" aria-labelledby=\"elementor-tab-title-2264\"><p><img loading=\"lazy\" decoding=\"async\" class=\"alignnone size-medium wp-image-29200\" src=\"https:\/\/swisssabers.ch\/wp-content\/smush-webp\/2025\/12\/Ladestecker-und-Kabel-300x300.jpg.webp\" alt=\"\" width=\"300\" height=\"300\" srcset=\"https:\/\/swisssabers.ch\/wp-content\/smush-webp\/2025\/12\/Ladestecker-und-Kabel-300x300.jpg.webp 300w, https:\/\/swisssabers.ch\/wp-content\/smush-webp\/2025\/12\/Ladestecker-und-Kabel-150x150.jpg.webp 150w, https:\/\/swisssabers.ch\/wp-content\/smush-webp\/2025\/12\/Ladestecker-und-Kabel-1200x1200.jpg.webp 1200w, https:\/\/swisssabers.ch\/wp-content\/smush-webp\/2025\/12\/Ladestecker-und-Kabel-1024x1024.jpg.webp 1024w, https:\/\/swisssabers.ch\/wp-content\/smush-webp\/2025\/12\/Ladestecker-und-Kabel-768x768.jpg.webp 768w, https:\/\/swisssabers.ch\/wp-content\/smush-webp\/2025\/12\/Ladestecker-und-Kabel-990x990.jpg.webp 990w, https:\/\/swisssabers.ch\/wp-content\/smush-webp\/2025\/12\/Ladestecker-und-Kabel-441x441.jpg.webp 441w, https:\/\/swisssabers.ch\/wp-content\/smush-webp\/2025\/12\/Ladestecker-und-Kabel-1320x1320.jpg.webp 1320w, https:\/\/swisssabers.ch\/wp-content\/smush-webp\/2025\/12\/Ladestecker-und-Kabel-50x50.jpg.webp 50w, https:\/\/swisssabers.ch\/wp-content\/smush-webp\/2025\/12\/Ladestecker-und-Kabel-100x100.jpg.webp 100w, https:\/\/swisssabers.ch\/wp-content\/smush-webp\/2025\/12\/Ladestecker-und-Kabel.jpg.webp 1500w\" sizes=\"(max-width: 300px) 100vw, 300px\" \/><\/p>\n<\/div>\n\t\t\t\t<\/div>\n\t\t\t\t\t\t\t<div class=\"elementor-toggle-item\">\n\t\t\t\t\t<div id=\"elementor-tab-title-2265\" class=\"elementor-tab-title\" data-tab=\"5\" role=\"button\" aria-controls=\"elementor-tab-content-2265\" aria-expanded=\"false\">\n\t\t\t\t\t\t\t\t\t\t\t\t<span class=\"elementor-toggle-icon elementor-toggle-icon-right\" aria-hidden=\"true\">\n\t\t\t\t\t\t\t\t\t\t\t\t\t\t\t<span class=\"elementor-toggle-icon-closed\"><i class=\"fas fa-caret-right\"><\/i><\/span>\n\t\t\t\t\t\t\t\t<span class=\"elementor-toggle-icon-opened\"><i class=\"elementor-toggle-icon-opened fas fa-caret-up\"><\/i><\/span>\n\t\t\t\t\t\t\t\t\t\t\t\t\t<\/span>\n\t\t\t\t\t\t\t\t\t\t\t\t<a class=\"elementor-toggle-title\" tabindex=\"0\">Chargeur pour batteries<\/a>\n\t\t\t\t\t<\/div>\n\n\t\t\t\t\t<div id=\"elementor-tab-content-2265\" class=\"elementor-tab-content elementor-clearfix\" data-tab=\"5\" role=\"region\" aria-labelledby=\"elementor-tab-title-2265\"><p><img loading=\"lazy\" decoding=\"async\" class=\"alignnone size-medium wp-image-21829\" src=\"https:\/\/swisssabers.ch\/wp-content\/smush-webp\/2025\/03\/ladegeraet_2-300x300.png.webp\" alt=\"\" width=\"300\" height=\"300\" srcset=\"https:\/\/swisssabers.ch\/wp-content\/smush-webp\/2025\/03\/ladegeraet_2-300x300.png.webp 300w, https:\/\/swisssabers.ch\/wp-content\/smush-webp\/2025\/03\/ladegeraet_2-150x150.png.webp 150w, https:\/\/swisssabers.ch\/wp-content\/smush-webp\/2025\/03\/ladegeraet_2-1200x1200.png.webp 1200w, https:\/\/swisssabers.ch\/wp-content\/smush-webp\/2025\/03\/ladegeraet_2-1024x1024.png.webp 1024w, https:\/\/swisssabers.ch\/wp-content\/smush-webp\/2025\/03\/ladegeraet_2-768x768.png.webp 768w, https:\/\/swisssabers.ch\/wp-content\/smush-webp\/2025\/03\/ladegeraet_2-1536x1536.png.webp 1536w, https:\/\/swisssabers.ch\/wp-content\/smush-webp\/2025\/03\/ladegeraet_2-2048x2048.png.webp 2048w, https:\/\/swisssabers.ch\/wp-content\/smush-webp\/2025\/03\/ladegeraet_2-1320x1320.png.webp 1320w, https:\/\/swisssabers.ch\/wp-content\/smush-webp\/2025\/03\/ladegeraet_2-50x50.png.webp 50w, https:\/\/swisssabers.ch\/wp-content\/smush-webp\/2025\/03\/ladegeraet_2-100x100.png.webp 100w\" sizes=\"(max-width: 300px) 100vw, 300px\" \/><\/p>\n<\/div>\n\t\t\t\t<\/div>\n\t\t\t\t\t\t\t<div class=\"elementor-toggle-item\">\n\t\t\t\t\t<div id=\"elementor-tab-title-2266\" class=\"elementor-tab-title\" data-tab=\"6\" role=\"button\" aria-controls=\"elementor-tab-content-2266\" aria-expanded=\"false\">\n\t\t\t\t\t\t\t\t\t\t\t\t<span class=\"elementor-toggle-icon elementor-toggle-icon-right\" aria-hidden=\"true\">\n\t\t\t\t\t\t\t\t\t\t\t\t\t\t\t<span class=\"elementor-toggle-icon-closed\"><i class=\"fas fa-caret-right\"><\/i><\/span>\n\t\t\t\t\t\t\t\t<span class=\"elementor-toggle-icon-opened\"><i class=\"elementor-toggle-icon-opened fas fa-caret-up\"><\/i><\/span>\n\t\t\t\t\t\t\t\t\t\t\t\t\t<\/span>\n\t\t\t\t\t\t\t\t\t\t\t\t<a class=\"elementor-toggle-title\" tabindex=\"0\">Anneaux d'alignement (Clocking Washers)<\/a>\n\t\t\t\t\t<\/div>\n\n\t\t\t\t\t<div id=\"elementor-tab-content-2266\" class=\"elementor-tab-content elementor-clearfix\" data-tab=\"6\" role=\"region\" aria-labelledby=\"elementor-tab-title-2266\"><p><img loading=\"lazy\" decoding=\"async\" class=\"alignnone size-medium wp-image-36026\" src=\"https:\/\/swisssabers.ch\/wp-content\/smush-webp\/2026\/04\/Clocking-Shins-300x300.jpg.webp\" alt=\"\" width=\"300\" height=\"300\" srcset=\"https:\/\/swisssabers.ch\/wp-content\/smush-webp\/2026\/04\/Clocking-Shins-300x300.jpg.webp 300w, https:\/\/swisssabers.ch\/wp-content\/smush-webp\/2026\/04\/Clocking-Shins-1024x1024.jpg.webp 1024w, https:\/\/swisssabers.ch\/wp-content\/smush-webp\/2026\/04\/Clocking-Shins-150x150.jpg.webp 150w, https:\/\/swisssabers.ch\/wp-content\/smush-webp\/2026\/04\/Clocking-Shins-768x768.jpg.webp 768w, https:\/\/swisssabers.ch\/wp-content\/smush-webp\/2026\/04\/Clocking-Shins-990x990.jpg.webp 990w, https:\/\/swisssabers.ch\/wp-content\/smush-webp\/2026\/04\/Clocking-Shins-441x441.jpg.webp 441w, https:\/\/swisssabers.ch\/wp-content\/smush-webp\/2026\/04\/Clocking-Shins-50x50.jpg.webp 50w, https:\/\/swisssabers.ch\/wp-content\/smush-webp\/2026\/04\/Clocking-Shins-100x100.jpg.webp 100w, https:\/\/swisssabers.ch\/wp-content\/smush-webp\/2026\/04\/Clocking-Shins.jpg.webp 1050w\" sizes=\"(max-width: 300px) 100vw, 300px\" \/><\/p>\n<\/div>\n\t\t\t\t<\/div>\n\t\t\t\t\t\t\t<div class=\"elementor-toggle-item\">\n\t\t\t\t\t<div id=\"elementor-tab-title-2267\" class=\"elementor-tab-title\" data-tab=\"7\" role=\"button\" aria-controls=\"elementor-tab-content-2267\" aria-expanded=\"false\">\n\t\t\t\t\t\t\t\t\t\t\t\t<span class=\"elementor-toggle-icon elementor-toggle-icon-right\" aria-hidden=\"true\">\n\t\t\t\t\t\t\t\t\t\t\t\t\t\t\t<span class=\"elementor-toggle-icon-closed\"><i class=\"fas fa-caret-right\"><\/i><\/span>\n\t\t\t\t\t\t\t\t<span class=\"elementor-toggle-icon-opened\"><i class=\"elementor-toggle-icon-opened fas fa-caret-up\"><\/i><\/span>\n\t\t\t\t\t\t\t\t\t\t\t\t\t<\/span>\n\t\t\t\t\t\t\t\t\t\t\t\t<a class=\"elementor-toggle-title\" tabindex=\"0\">Mode d'emploi<\/a>\n\t\t\t\t\t<\/div>\n\n\t\t\t\t\t<div id=\"elementor-tab-content-2267\" class=\"elementor-tab-content elementor-clearfix\" data-tab=\"7\" role=\"region\" aria-labelledby=\"elementor-tab-title-2267\"><p><img loading=\"lazy\" decoding=\"async\" class=\"alignnone size-medium wp-image-22030\" src=\"https:\/\/swisssabers.ch\/wp-content\/smush-webp\/2025\/03\/Bedienungsanleitung-Cover-192x300.png.webp\" alt=\"\" width=\"192\" height=\"300\" srcset=\"https:\/\/swisssabers.ch\/wp-content\/smush-webp\/2025\/03\/Bedienungsanleitung-Cover-192x300.png.webp 192w, https:\/\/swisssabers.ch\/wp-content\/smush-webp\/2025\/03\/Bedienungsanleitung-Cover-150x234.png.webp 150w, https:\/\/swisssabers.ch\/wp-content\/smush-webp\/2025\/03\/Bedienungsanleitung-Cover-600x937.png.webp 600w, https:\/\/swisssabers.ch\/wp-content\/smush-webp\/2025\/03\/Bedienungsanleitung-Cover-656x1024.png.webp 656w, https:\/\/swisssabers.ch\/wp-content\/smush-webp\/2025\/03\/Bedienungsanleitung-Cover.png.webp 684w\" sizes=\"(max-width: 192px) 100vw, 192px\" \/><\/p>\n<\/div>\n\t\t\t\t<\/div>\n\t\t\t\t\t\t\t\t<\/div>\n\t\t\t\t\t\t<\/div>\n\t\t\t\t<\/div>\n\t\t\t\t<div class=\"elementor-element elementor-element-9f02481 elementor-widget elementor-widget-text-editor\" data-id=\"9f02481\" data-element_type=\"widget\" data-e-type=\"widget\" data-widget_type=\"text-editor.default\">\n\t\t\t\t<div class=\"elementor-widget-container\">\n\t\t\t\t\t\t\t\t\t<h3 data-path-to-node=\"11\">Tutoriel vid\u00e9o :  <\/h3><p data-path-to-node=\"12\">Dans la vid\u00e9o suivante, tu peux voir l&#8217;ensemble de l&#8217;assemblage en d\u00e9tail :<\/p>\t\t\t\t\t\t\t\t<\/div>\n\t\t\t\t<\/div>\n\t\t\t\t<div class=\"elementor-element elementor-element-b5d151b elementor-widget elementor-widget-video\" data-id=\"b5d151b\" data-element_type=\"widget\" data-e-type=\"widget\" data-settings=\"{&quot;youtube_url&quot;:&quot;https:\\\/\\\/youtu.be\\\/q604PsYXLeA&quot;,&quot;mute&quot;:&quot;yes&quot;,&quot;lazy_load&quot;:&quot;yes&quot;,&quot;video_type&quot;:&quot;youtube&quot;,&quot;controls&quot;:&quot;yes&quot;}\" data-widget_type=\"video.default\">\n\t\t\t\t<div class=\"elementor-widget-container\">\n\t\t\t\t\t\t\t<div class=\"elementor-wrapper elementor-open-inline\">\n\t\t\t<div class=\"elementor-video\"><\/div>\t\t<\/div>\n\t\t\t\t\t\t<\/div>\n\t\t\t\t<\/div>\n\t\t\t\t\t<\/div>\n\t\t\t\t<\/div>\n\t\t\t\t<\/div>\n\t\t","protected":false},"excerpt":{"rendered":"<p>Avec ce guide compact et ce tutoriel vid\u00e9o, tu apprendras \u00e0 assembler ton propre sabre laser personnalis\u00e9 \u00e0 partir de composants VHC modulaires.<\/p>\n","protected":false},"author":1,"featured_media":36560,"comment_status":"closed","ping_status":"closed","sticky":false,"template":"","format":"standard","meta":{"_acf_changed":false,"wds_primary_category":0,"footnotes":""},"categories":[207],"tags":[],"class_list":["post-36541","post","type-post","status-publish","format-standard","has-post-thumbnail","hentry","category-tutoriels"],"acf":[],"_links":{"self":[{"href":"https:\/\/swisssabers.ch\/fr\/wp-json\/wp\/v2\/posts\/36541","targetHints":{"allow":["GET"]}}],"collection":[{"href":"https:\/\/swisssabers.ch\/fr\/wp-json\/wp\/v2\/posts"}],"about":[{"href":"https:\/\/swisssabers.ch\/fr\/wp-json\/wp\/v2\/types\/post"}],"author":[{"embeddable":true,"href":"https:\/\/swisssabers.ch\/fr\/wp-json\/wp\/v2\/users\/1"}],"replies":[{"embeddable":true,"href":"https:\/\/swisssabers.ch\/fr\/wp-json\/wp\/v2\/comments?post=36541"}],"version-history":[{"count":1,"href":"https:\/\/swisssabers.ch\/fr\/wp-json\/wp\/v2\/posts\/36541\/revisions"}],"predecessor-version":[{"id":36542,"href":"https:\/\/swisssabers.ch\/fr\/wp-json\/wp\/v2\/posts\/36541\/revisions\/36542"}],"wp:featuredmedia":[{"embeddable":true,"href":"https:\/\/swisssabers.ch\/fr\/wp-json\/wp\/v2\/media\/36560"}],"wp:attachment":[{"href":"https:\/\/swisssabers.ch\/fr\/wp-json\/wp\/v2\/media?parent=36541"}],"wp:term":[{"taxonomy":"category","embeddable":true,"href":"https:\/\/swisssabers.ch\/fr\/wp-json\/wp\/v2\/categories?post=36541"},{"taxonomy":"post_tag","embeddable":true,"href":"https:\/\/swisssabers.ch\/fr\/wp-json\/wp\/v2\/tags?post=36541"}],"curies":[{"name":"wp","href":"https:\/\/api.w.org\/{rel}","templated":true}]}}